{"id":3903,"date":"2026-09-03T08:52:00","date_gmt":"2026-09-03T06:52:00","guid":{"rendered":"https:\/\/www.socialsharks.cz\/blog\/?p=3903"},"modified":"2026-09-03T15:43:40","modified_gmt":"2026-09-03T13:43:40","slug":"shark-zone-3-jan-mejdr-kdyz-nemas-co-rict-mlc","status":"publish","type":"post","link":"https:\/\/www.socialsharks.cz\/blog\/2026\/09\/03\/shark-zone-3-jan-mejdr-kdyz-nemas-co-rict-mlc\/","title":{"rendered":"SHARK ZONE | Jan Mejdr: Kdy\u017e nem\u00e1\u0161 co \u0159\u00edct, ml\u010d!"},"content":{"rendered":"\n<p class=\"wp-block-paragraph\"><strong>Profesion\u00e1ln\u00ed fotbalista, youtuber, tv\u016frce a \u010dlov\u011bk, kter\u00fd si odm\u00edt\u00e1 nechat diktovat, co m\u00e1 d\u011blat pro algoritmus. Jan Mejdr v podcastu <a href=\"https:\/\/www.youtube.com\/watch?v=6cboRSk8QDc&amp;list=PLLi7-0ks4zEQ\">SHARK ZONE<\/a> otev\u0159en\u011b mluvil o sv\u00e9 cest\u011b od gamingu k profesion\u00e1ln\u00edmu fotbalu, o zran\u011bn\u00ed, hejtech, osobn\u00ed zna\u010dce i o tom, pro\u010d pro n\u011bj maj\u00ed v\u011bt\u0161\u00ed hodnotu des\u00edtky skute\u010dn\u00fdch fanou\u0161k\u016f ne\u017e statis\u00edce anonymn\u00edch zhl\u00e9dnut\u00ed.<\/strong><\/p>\n\n\n\n<p class=\"wp-block-paragraph\">Kdy\u017e se \u0159ekne profesion\u00e1ln\u00ed fotbalista, v\u011bt\u0161ina lid\u00ed si p\u0159edstav\u00ed tr\u00e9ninky, z\u00e1pasy, kabinu a \u017eivot pod neust\u00e1l\u00fdm tlakem v\u00fdkonu. Jan Mejdr k tomu ale p\u0159id\u00e1v\u00e1 je\u0161t\u011b jednu v\u00fdraznou kapitolu. Tvorbu obsahu.<\/p>\n\n\n\n<p class=\"wp-block-paragraph\">Na YouTube za\u010dal nat\u00e1\u010det u\u017e p\u0159ed zhruba deseti lety. Tehdy p\u0159edev\u0161\u00edm gaming a Minecraft. Nebyl za t\u00edm \u017e\u00e1dn\u00fd velk\u00fd pl\u00e1n ani strategie osobn\u00edho brandu. Po p\u0159estupu do prvn\u00edho profesion\u00e1ln\u00edho t\u00fdmu se v devaten\u00e1cti letech odst\u011bhoval z Prahy a najednou m\u011bl mnohem v\u00edce voln\u00e9ho \u010dasu. A pr\u00e1v\u011b ten vyu\u017eil k n\u011b\u010demu, co ho bavilo u\u017e dlouho. K tvorb\u011b YouTube vide\u00ed.<br><\/p>\n\n\n\n<blockquote class=\"blockquote\" class=\"wp-block-quote is-layout-flow wp-block-quote-is-layout-flow\">\n<p class=\"wp-block-paragraph\">\u201eProst\u011b jsem jen hr\u00e1l hry,\u201c popisuje s nads\u00e1zkou. Lid\u00e9 se ale postupn\u011b za\u010dali nabalovat. Z gamingu se stal fotbalov\u00fd obsah, z div\u00e1ck\u00e9 z\u00e1kladny komunita a z kon\u00ed\u010dku n\u011bco, co Honzu prov\u00e1z\u00ed dodnes.<\/p>\n<\/blockquote>\n\n\n\n<h3 class=\"wp-block-heading\"><strong>Od Minecraftu ke Spart\u011b<\/strong><\/h3>\n\n\n\n<p class=\"wp-block-paragraph\">Honz\u016fv p\u0159\u00edb\u011bh je zaj\u00edmav\u00fd pr\u00e1v\u011b t\u00edm, \u017ee jeho tvorba nikdy nevznikala jako p\u0159edem napl\u00e1novan\u00fd kari\u00e9rn\u00ed tah.<\/p>\n\n\n\n<p class=\"wp-block-paragraph\">Neza\u010dal nat\u00e1\u010det proto, aby si vybudoval osobn\u00ed zna\u010dku, z\u00edskal sponzory nebo jednou d\u00edky soci\u00e1ln\u00edm s\u00edt\u00edm pomohl sv\u00e9 fotbalov\u00e9 kari\u00e9\u0159e. Za\u010dal jednodu\u0161e proto, \u017ee ho bavilo tvo\u0159it.<br>Postupn\u011b se ale jeho dva sv\u011bty \u2013 fotbal a online tvorba \u2013 za\u010daly propojovat.<\/p>\n\n\n\n<p class=\"wp-block-paragraph\">Kdy\u017e se pozd\u011bji dostal do Sparty, p\u0159i\u0161la i druh\u00e1 strana popularity. Vedle lid\u00ed, kte\u0159\u00ed ho sledovali proto, \u017ee je bavil jeho obsah, se objevili fanou\u0161ci, kte\u0159\u00ed hodnotili ka\u017ed\u00fd jeho v\u00fdkon na h\u0159i\u0161ti. A s t\u00edm p\u0159i\u0161ly tak\u00e9 hejty.<\/p>\n\n\n\n<p class=\"wp-block-paragraph\">Pr\u00e1v\u011b obdob\u00ed ve Spart\u011b podle Honzy v\u00fdrazn\u011b ovlivnilo jeho ment\u00e1ln\u00ed odolnost. Zpo\u010d\u00e1tku se koment\u00e1\u0159\u016fm sp\u00ed\u0161e vyh\u00fdbal. \u010casem se ale nau\u010dil, \u017ee p\u0159ed negativitou nen\u00ed mo\u017en\u00e9 jednodu\u0161e ut\u00e9ct. V\u017edy se n\u011bkde objev\u00ed a \u010dlov\u011bk se s n\u00ed mus\u00ed nau\u010dit pracovat.<br>Dnes u\u017e ho podle vlastn\u00edch slov koment\u00e1\u0159e nerozhod\u00ed. Naopak se nad nimi dok\u00e1\u017ee pobavit.<br><\/p>\n\n\n\n<figure class=\"wp-block-image size-large\"><a href=\"https:\/\/www.youtube.com\/watch?v=6cboRSk8QDc&amp;list=PLLi7-0ks4zEQ\"><img loading=\"lazy\" decoding=\"async\" width=\"1024\" height=\"683\" src=\"https:\/\/www.socialsharks.cz\/blog\/wp-content\/uploads\/2026\/09\/SHARK-ZONE-_-3-_-Jan-Mejdr-_-thumbnailNavrhova-plocha-1-kopie-2-1-1024x683.jpg\" alt=\"\" class=\"wp-image-3907\" srcset=\"https:\/\/www.socialsharks.cz\/blog\/wp-content\/uploads\/2026\/09\/SHARK-ZONE-_-3-_-Jan-Mejdr-_-thumbnailNavrhova-plocha-1-kopie-2-1-1024x683.jpg 1024w, https:\/\/www.socialsharks.cz\/blog\/wp-content\/uploads\/2026\/09\/SHARK-ZONE-_-3-_-Jan-Mejdr-_-thumbnailNavrhova-plocha-1-kopie-2-1-300x200.jpg 300w, https:\/\/www.socialsharks.cz\/blog\/wp-content\/uploads\/2026\/09\/SHARK-ZONE-_-3-_-Jan-Mejdr-_-thumbnailNavrhova-plocha-1-kopie-2-1-768x512.jpg 768w, https:\/\/www.socialsharks.cz\/blog\/wp-content\/uploads\/2026\/09\/SHARK-ZONE-_-3-_-Jan-Mejdr-_-thumbnailNavrhova-plocha-1-kopie-2-1-1536x1024.jpg 1536w, https:\/\/www.socialsharks.cz\/blog\/wp-content\/uploads\/2026\/09\/SHARK-ZONE-_-3-_-Jan-Mejdr-_-thumbnailNavrhova-plocha-1-kopie-2-1-2048x1365.jpg 2048w\" sizes=\"auto, (max-width: 1024px) 100vw, 1024px\" \/><\/a><\/figure>\n\n\n\n<p class=\"wp-block-paragraph\"><\/p>\n\n\n\n<h3 class=\"wp-block-heading\"><strong>Zran\u011bn\u00ed jako nov\u00fd za\u010d\u00e1tek<\/strong><\/h3>\n\n\n\n<p class=\"wp-block-paragraph\">Nejv\u011bt\u0161\u00ed \u010d\u00e1st sou\u010dasn\u00e9ho Honzova p\u0159\u00edb\u011bhu ale nen\u00ed o hejtech ani o soci\u00e1ln\u00edch s\u00edt\u00edch. Je o \u00farazu kolene.<\/p>\n\n\n\n<p class=\"wp-block-paragraph\">Po operaci k\u0159\u00ed\u017eov\u00e9ho vazu se najednou ocitl mimo fotbal. Pro \u010dlov\u011bka, jeho\u017e \u017eivot se dlouhodob\u011b to\u010d\u00ed kolem sportu, to nebyla jednoduch\u00e1 situace.<\/p>\n\n\n\n<p class=\"wp-block-paragraph\">S\u00e1m p\u0159izn\u00e1v\u00e1, \u017ee prvn\u00ed noc po zran\u011bn\u00ed m\u011bl velmi \u010dern\u00e9 my\u0161lenky. S p\u0159\u00edtelkyn\u00ed tehdy prob\u00edrali v\u0161echny mo\u017en\u00e9 obavy a sc\u00e9n\u00e1\u0159e, kter\u00e9 mu b\u011b\u017eely hlavou. Postupn\u011b ale za\u010dal situaci vn\u00edmat jinak.<br>Uv\u011bdomil si toti\u017e jednu z\u00e1sadn\u00ed v\u011bc: fotbal pro n\u011bj nen\u00ed jen profesion\u00e1ln\u00ed kari\u00e9ra. Je to n\u011bco, co miluje. A o to samotn\u00e9 ho zran\u011bn\u00ed p\u0159ipravit nem\u016f\u017ee.<\/p>\n\n\n\n<p class=\"wp-block-paragraph\">Nemus\u00ed hr\u00e1t na nejvy\u0161\u0161\u00ed mo\u017en\u00e9 \u00farovni, aby mohl fotbal d\u00e1l milovat. Jak s\u00e1m \u0159\u00edk\u00e1, m\u016f\u017ee kdykoliv odjet t\u0159eba do Braz\u00edlie a hr\u00e1t fotbal na ulici. A pr\u00e1v\u011b tahle zm\u011bna perspektivy mu pomohla strach postupn\u011b p\u0159etavit v n\u011bco pozitivn\u00edho.<\/p>\n\n\n\n<h3 class=\"wp-block-heading\"><strong><strong>Nehonit \u010d\u00edsla za ka\u017edou cenu<\/strong><\/strong><\/h3>\n\n\n\n<p class=\"wp-block-paragraph\">Na Honzov\u011b p\u0159\u00edstupu k tvorb\u011b je zaj\u00edmav\u00e9 je\u0161t\u011b n\u011bco jin\u00e9ho: \u010d\u00edsla pro n\u011bj nejsou hlavn\u00edm c\u00edlem.<\/p>\n\n\n\n<p class=\"wp-block-paragraph\">Samoz\u0159ejm\u011b sleduje statistiky a sna\u017e\u00ed se z nich u\u010dit. Jeho p\u0159\u00edstup ale nen\u00ed zalo\u017een\u00fd na tom, \u017ee ka\u017ed\u00e9 video mus\u00ed m\u00edt co nejvy\u0161\u0161\u00ed po\u010det zhl\u00e9dnut\u00ed.<\/p>\n\n\n\n<p class=\"wp-block-paragraph\">Pokud nato\u010d\u00ed video, kter\u00e9 pom\u016f\u017ee des\u00edtk\u00e1m lid\u00ed, pova\u017euje ho za \u00fasp\u011b\u0161n\u00e9.<\/p>\n\n\n\n<p class=\"wp-block-paragraph\">To je mo\u017en\u00e9 tak\u00e9 proto, \u017ee YouTube nen\u00ed jeho hlavn\u00edm zdrojem p\u0159\u00edjm\u016f. Nemus\u00ed proto ka\u017ed\u00fd obsah \u201emilkova\u0165\u201c do posledn\u00edho zhl\u00e9dnut\u00ed. M\u00edsto toho p\u0159em\u00fd\u0161l\u00ed nad t\u00edm, co jeho komunitu skute\u010dn\u011b zaj\u00edm\u00e1. Ukazuje svou rehabilitaci, tr\u00e9nink, \u017eivot v N\u011bmecku nebo t\u0159eba stravu. Ne v\u0161echno mus\u00ed fungovat stejn\u011b dob\u0159e. D\u016fle\u017eit\u00e9 je, \u017ee obsah d\u00e1v\u00e1 smysl jemu i lidem, kte\u0159\u00ed ho sleduj\u00ed.<\/p>\n\n\n\n<figure class=\"wp-block-image size-large\"><a href=\"https:\/\/www.youtube.com\/watch?v=6cboRSk8QDc&amp;list=PLLi7-0ks4zEQ\"><img loading=\"lazy\" decoding=\"async\" width=\"1024\" height=\"683\" src=\"https:\/\/www.socialsharks.cz\/blog\/wp-content\/uploads\/2026\/09\/SHARK-ZONE-_-3-_-Jan-Mejdr-_-thumbnailNavrhova-plocha-1-kopie-3-1-1024x683.jpg\" alt=\"\" class=\"wp-image-3905\" srcset=\"https:\/\/www.socialsharks.cz\/blog\/wp-content\/uploads\/2026\/09\/SHARK-ZONE-_-3-_-Jan-Mejdr-_-thumbnailNavrhova-plocha-1-kopie-3-1-1024x683.jpg 1024w, https:\/\/www.socialsharks.cz\/blog\/wp-content\/uploads\/2026\/09\/SHARK-ZONE-_-3-_-Jan-Mejdr-_-thumbnailNavrhova-plocha-1-kopie-3-1-300x200.jpg 300w, https:\/\/www.socialsharks.cz\/blog\/wp-content\/uploads\/2026\/09\/SHARK-ZONE-_-3-_-Jan-Mejdr-_-thumbnailNavrhova-plocha-1-kopie-3-1-768x512.jpg 768w, https:\/\/www.socialsharks.cz\/blog\/wp-content\/uploads\/2026\/09\/SHARK-ZONE-_-3-_-Jan-Mejdr-_-thumbnailNavrhova-plocha-1-kopie-3-1-1536x1024.jpg 1536w, https:\/\/www.socialsharks.cz\/blog\/wp-content\/uploads\/2026\/09\/SHARK-ZONE-_-3-_-Jan-Mejdr-_-thumbnailNavrhova-plocha-1-kopie-3-1-2048x1365.jpg 2048w\" sizes=\"auto, (max-width: 1024px) 100vw, 1024px\" \/><\/a><\/figure>\n\n\n\n<p class=\"wp-block-paragraph\"><\/p>\n\n\n\n<h3 class=\"wp-block-heading\"><strong>Autenticita je d\u016fle\u017eit\u011bj\u0161\u00ed ne\u017e vir\u00e1ln\u00ed video<\/strong><\/h3>\n\n\n\n<p class=\"wp-block-paragraph\">Honza se z\u00e1rove\u0148 nechce st\u00e1t tv\u016frcem, kter\u00fd bude vyr\u00e1b\u011bt obsah jen proto, \u017ee pr\u00e1v\u011b funguje. Na Instagramu nap\u0159\u00edklad nechce zve\u0159ej\u0148ovat p\u0159\u00edsp\u011bvky jen proto, \u017ee je \u010dtvrtek a \u201en\u011bco by tam m\u011blo b\u00fdt\u201c.<\/p>\n\n\n\n<p class=\"wp-block-paragraph\">Jeho filozofie je jednoduch\u00e1: kdy\u017e nem\u00e1\u0161 co \u0159\u00edct, ml\u010d.<\/p>\n\n\n\n<p class=\"wp-block-paragraph\">Stejn\u00fd p\u0159\u00edstup m\u00e1 i k reklam\u00e1m. Pokud spolupr\u00e1ce ned\u00e1v\u00e1 smysl a nedok\u00e1\u017ee si p\u0159edstavit, \u017ee by produkt p\u0159irozen\u011b zapadl do jeho \u017eivota a obsahu, rad\u011bji ji odm\u00edtne. Nechce, aby reklama p\u016fsobila jako reklama. Chce, aby byla sou\u010d\u00e1st\u00ed jeho p\u0159\u00edb\u011bhu. Pr\u00e1v\u011b v tom podle n\u011bj spo\u010d\u00edv\u00e1 autenticita. Ne v tom, \u017ee \u010dlov\u011bk odm\u00edt\u00e1 v\u0161echny spolupr\u00e1ce, ale v tom, \u017ee si vyb\u00edr\u00e1 ty, za kter\u00fdmi si dok\u00e1\u017ee st\u00e1t.<\/p>\n\n\n\n<h3 class=\"wp-block-heading\"><strong>Osobn\u00ed brand sportovce nemus\u00ed b\u00fdt kalkul<\/strong><\/h3>\n\n\n\n<p class=\"wp-block-paragraph\">Honza je dnes jedn\u00edm z \u010desk\u00fdch sportovc\u016f, kte\u0159\u00ed v\u00fdrazn\u011b propojuj\u00ed profesion\u00e1ln\u00ed sport s tvorbou obsahu. P\u0159esto tvrd\u00ed, \u017ee budov\u00e1n\u00ed osobn\u00edho brandu nikdy nebylo jeho p\u016fvodn\u00edm pl\u00e1nem.<\/p>\n\n\n\n<p class=\"wp-block-paragraph\">Kdy\u017e za\u010d\u00ednal nat\u00e1\u010det Minecraft, rozhodn\u011b nep\u0159em\u00fd\u0161lel nad t\u00edm, \u017ee jednou bude d\u00edky soci\u00e1ln\u00edm s\u00edt\u00edm spolupracovat se zna\u010dkami nebo budovat vlastn\u00ed brand.<\/p>\n\n\n\n<p class=\"wp-block-paragraph\">Prost\u011b za\u010dal.<\/p>\n\n\n\n<p class=\"wp-block-paragraph\">A pr\u00e1v\u011b to je podle n\u011bj jedna z nejd\u016fle\u017eit\u011bj\u0161\u00edch v\u011bc\u00ed. \u010clov\u011bk nikdy nev\u00ed, kam ho n\u011bco m\u016f\u017ee dostat, dokud to nezkus\u00ed.<\/p>\n\n\n\n<p class=\"wp-block-paragraph\">Z gamingu se stal fotbalov\u00fd obsah. Z n\u011bj p\u0159i\u0161ly spolupr\u00e1ce. Pozd\u011bji vlastn\u00ed zna\u010dka oble\u010den\u00ed a dal\u0161\u00ed mo\u017enosti.<\/p>\n\n\n\n<p class=\"wp-block-paragraph\">Nic z toho ale nebylo v\u00fdsledkem dokonal\u00e9ho strategick\u00e9ho pl\u00e1nu. Bylo to v\u00fdsledkem toho, \u017ee ho tvorba bavila a postupn\u011b kolem n\u00ed vznikla komunita.<\/p>\n\n\n\n<figure class=\"wp-block-image size-large\"><a href=\"https:\/\/www.youtube.com\/watch?v=6cboRSk8QDc&amp;list=PLLi7-0ks4zEQ\"><img loading=\"lazy\" decoding=\"async\" width=\"1024\" height=\"683\" src=\"https:\/\/www.socialsharks.cz\/blog\/wp-content\/uploads\/2026\/09\/SHARK-ZONE-_-3-_-Jan-Mejdr-_-thumbnailNavrhova-plocha-1-1-1024x683.jpg\" alt=\"\" class=\"wp-image-3906\" srcset=\"https:\/\/www.socialsharks.cz\/blog\/wp-content\/uploads\/2026\/09\/SHARK-ZONE-_-3-_-Jan-Mejdr-_-thumbnailNavrhova-plocha-1-1-1024x683.jpg 1024w, https:\/\/www.socialsharks.cz\/blog\/wp-content\/uploads\/2026\/09\/SHARK-ZONE-_-3-_-Jan-Mejdr-_-thumbnailNavrhova-plocha-1-1-300x200.jpg 300w, https:\/\/www.socialsharks.cz\/blog\/wp-content\/uploads\/2026\/09\/SHARK-ZONE-_-3-_-Jan-Mejdr-_-thumbnailNavrhova-plocha-1-1-768x512.jpg 768w, https:\/\/www.socialsharks.cz\/blog\/wp-content\/uploads\/2026\/09\/SHARK-ZONE-_-3-_-Jan-Mejdr-_-thumbnailNavrhova-plocha-1-1-1536x1024.jpg 1536w, https:\/\/www.socialsharks.cz\/blog\/wp-content\/uploads\/2026\/09\/SHARK-ZONE-_-3-_-Jan-Mejdr-_-thumbnailNavrhova-plocha-1-1-2048x1365.jpg 2048w\" sizes=\"auto, (max-width: 1024px) 100vw, 1024px\" \/><\/a><\/figure>\n\n\n\n<p class=\"wp-block-paragraph\"><\/p>\n\n\n\n<h3 class=\"wp-block-heading\"><strong>Komunita m\u00edsto \u010d\u00edsel<\/strong><\/h3>\n\n\n\n<p class=\"wp-block-paragraph\">Mo\u017en\u00e1 nejzaj\u00edmav\u011bj\u0161\u00ed \u010d\u00e1st\u00ed Honzova p\u0159\u00edstupu k soci\u00e1ln\u00edm s\u00edt\u00edm je jeho vztah k fanou\u0161k\u016fm.<\/p>\n\n\n\n<p class=\"wp-block-paragraph\">\u010c\u00edslo na obrazovce pro n\u011bj nen\u00ed tot\u00e9\u017e jako \u010dlov\u011bk, kter\u00e9ho skute\u010dn\u011b potk\u00e1. Proto po\u0159\u00e1d\u00e1 meet &amp; greety a sna\u017e\u00ed se s lidmi, kte\u0159\u00ed ho sleduj\u00ed, potk\u00e1vat osobn\u011b.<\/p>\n\n\n\n<p class=\"wp-block-paragraph\">Des\u00edtky tis\u00edc zhl\u00e9dnut\u00ed toti\u017e podle n\u011bj mohou p\u016fsobit obrovsky, ale \u010dlov\u011bk za nimi \u010dasto nevid\u00ed konkr\u00e9tn\u00ed lidi. Na osobn\u00edm setk\u00e1n\u00ed se to zm\u011bn\u00ed. Najednou vid\u00ed, kdo jeho obsah sleduje, co konkr\u00e9tn\u00edho si z n\u011bj odn\u00e1\u0161\u00ed a co lidi skute\u010dn\u011b zaj\u00edm\u00e1. A n\u011bkdy zjist\u00ed, \u017ee jeho obsah sleduj\u00ed i lid\u00e9, od kter\u00fdch by to v\u016fbec ne\u010dekal.<\/p>\n\n\n\n<p class=\"wp-block-paragraph\">Stejn\u00fd p\u0159\u00edstup m\u00e1 i k budov\u00e1n\u00ed n\u011bmeck\u00e9ho publika.<\/p>\n\n\n\n<p class=\"wp-block-paragraph\">V N\u011bmecku p\u016fsob\u00ed u\u017e dva roky a \u010d\u00e1st sv\u00e9ho obsahu za\u010dal dopl\u0148ovat o n\u011bmeck\u00fd dabing pomoc\u00ed AI. \u010c\u00edsla zat\u00edm nejsou nijak z\u00e1sadn\u00ed. P\u0159esto to d\u011bl\u00e1.<\/p>\n\n\n\n<p class=\"wp-block-paragraph\">Pro\u010d?<\/p>\n\n\n\n<p class=\"wp-block-paragraph\">Proto\u017ee tam \u017eije a hraje. A pokud jeho obsah chce vid\u011bt t\u0159eba jen deset lid\u00ed, chce jim ho nab\u00eddnout. Stejn\u011b tak se neboj\u00ed po\u0159\u00e1dat setk\u00e1n\u00ed, i kdyby na n\u011bj p\u0159i\u0161lo jen p\u011bt lid\u00ed. Proto\u017ee p\u011bt skute\u010dn\u00fdch lid\u00ed je podle n\u011bj po\u0159\u00e1d lep\u0161\u00edch ne\u017e \u010d\u00edslo, kter\u00e9 pouze dob\u0159e vypad\u00e1 ve statistik\u00e1ch.<\/p>\n\n\n\n<h3 class=\"wp-block-heading\"><strong>Fotbal je po\u0159\u00e1d na prvn\u00edm m\u00edst\u011b<\/strong><\/h3>\n\n\n\n<p class=\"wp-block-paragraph\">P\u0159esto\u017ee se Honz\u016fv sv\u011bt kolem fotbalu rozrostl o YouTube, Instagram, vlastn\u00ed zna\u010dku a spolupr\u00e1ce, jedna v\u011bc se nem\u011bn\u00ed.<\/p>\n\n\n\n<p class=\"wp-block-paragraph\">Fotbal z\u016fst\u00e1v\u00e1 prioritou. A pr\u00e1v\u011b proto si nap\u0159\u00edklad nedok\u00e1\u017ee p\u0159edstavit, \u017ee by kv\u016fli obsahu nat\u00e1\u010del ka\u017ed\u00fd sv\u016fj z\u00e1pasov\u00fd den. N\u011bkter\u00e9 v\u011bci chce m\u00edt odd\u011blen\u00e9.<\/p>\n\n\n\n<p class=\"wp-block-paragraph\">Jeho obsah je s fotbalem propojen\u00fd, ale fotbal kv\u016fli obsahu ob\u011btovat nechce. \u201eLidi m\u011b sleduj\u00ed kv\u016fli fotbalu,\u201c shrnuje sv\u016fj p\u0159\u00edstup.<\/p>\n\n\n\n<p class=\"wp-block-paragraph\">Jeho zna\u010dka tedy nestoj\u00ed vedle jeho sportovn\u00ed kari\u00e9ry. Vznik\u00e1 p\u0159\u00edmo z n\u00ed.<\/p>\n\n\n\n<figure class=\"wp-block-image size-large\"><a href=\"https:\/\/www.youtube.com\/watch?v=6cboRSk8QDc&amp;list=PLLi7-0ks4zEQ\"><img loading=\"lazy\" decoding=\"async\" width=\"1024\" height=\"683\" src=\"https:\/\/www.socialsharks.cz\/blog\/wp-content\/uploads\/2026\/09\/SHARK-ZONE-_-3-_-Jan-Mejdr-_-thumbnailNavrhova-plocha-1-kopie-1-1024x683.jpg\" alt=\"\" class=\"wp-image-3908\" srcset=\"https:\/\/www.socialsharks.cz\/blog\/wp-content\/uploads\/2026\/09\/SHARK-ZONE-_-3-_-Jan-Mejdr-_-thumbnailNavrhova-plocha-1-kopie-1-1024x683.jpg 1024w, https:\/\/www.socialsharks.cz\/blog\/wp-content\/uploads\/2026\/09\/SHARK-ZONE-_-3-_-Jan-Mejdr-_-thumbnailNavrhova-plocha-1-kopie-1-300x200.jpg 300w, https:\/\/www.socialsharks.cz\/blog\/wp-content\/uploads\/2026\/09\/SHARK-ZONE-_-3-_-Jan-Mejdr-_-thumbnailNavrhova-plocha-1-kopie-1-768x512.jpg 768w, https:\/\/www.socialsharks.cz\/blog\/wp-content\/uploads\/2026\/09\/SHARK-ZONE-_-3-_-Jan-Mejdr-_-thumbnailNavrhova-plocha-1-kopie-1-1536x1024.jpg 1536w, https:\/\/www.socialsharks.cz\/blog\/wp-content\/uploads\/2026\/09\/SHARK-ZONE-_-3-_-Jan-Mejdr-_-thumbnailNavrhova-plocha-1-kopie-1-2048x1365.jpg 2048w\" sizes=\"auto, (max-width: 1024px) 100vw, 1024px\" \/><\/a><\/figure>\n\n\n\n<h3 class=\"wp-block-heading\"><strong>Co bude za deset let?<\/strong><\/h3>\n\n\n\n<p class=\"wp-block-paragraph\">Na ot\u00e1zku, kde se vid\u00ed za deset let, nem\u00e1 Honza p\u0159esn\u00fd pl\u00e1n. A mo\u017en\u00e1 pr\u00e1v\u011b to je pointa cel\u00e9ho rozhovoru.<\/p>\n\n\n\n<p class=\"wp-block-paragraph\">Sv\u011bt soci\u00e1ln\u00edch s\u00edt\u00ed se m\u011bn\u00ed p\u0159\u00edli\u0161 rychle. M\u011bn\u00ed se platformy, algoritmy, technologie i samotn\u00ed lid\u00e9. To, co funguje dnes, nemus\u00ed fungovat za t\u0159i roky. Proto nechce sv\u016fj \u017eivot napl\u00e1novat do posledn\u00edho detailu. Jeho p\u0159edstava je jednodu\u0161\u0161\u00ed: zdrav\u011b dokon\u010dit fotbalovou kari\u00e9ru, st\u00e1le d\u011blat v\u011bci, kter\u00e9 ho bav\u00ed, a neb\u00fdt z\u00e1visl\u00fd na pen\u011bz\u00edch.<\/p>\n\n\n\n<p class=\"wp-block-paragraph\">A ide\u00e1ln\u011b? B\u00fdt n\u011bkde v teple a m\u00edt mo\u017enost vracet se do Prahy. T\u0159eba do Braz\u00edlie. Na Copacabanu.<\/p>\n\n\n\n<p class=\"wp-block-paragraph\">Proto\u017ee pokud mu n\u011bco cel\u00fd tenhle p\u0159\u00edb\u011bh uk\u00e1zal, je to pr\u00e1v\u011b to, \u017ee \u010dlov\u011bk nikdy \u00fapln\u011b nev\u00ed, kam ho jedna zd\u00e1nliv\u011b \u0161patn\u00e1 situace m\u016f\u017ee dostat.<\/p>\n\n\n\n<h3 class=\"wp-block-heading\"><strong>Za\u010d\u00edt je n\u011bkdy d\u016fle\u017eit\u011bj\u0161\u00ed ne\u017e m\u00edt pl\u00e1n<\/strong><\/h3>\n\n\n\n<p class=\"wp-block-paragraph\">P\u0159\u00edb\u011bh Honzy Mejdra nen\u00ed jen o fotbale nebo soci\u00e1ln\u00edch s\u00edt\u00edch.<\/p>\n\n\n\n<p class=\"wp-block-paragraph\">Je p\u0159edev\u0161\u00edm o tom, \u017ee nemus\u00edme m\u00edt v\u0161echno dokonale napl\u00e1novan\u00e9.<\/p>\n\n\n\n<p class=\"wp-block-paragraph\">Honza za\u010dal s YouTubem, proto\u017ee m\u011bl \u010das a bavilo ho to. Zran\u011bn\u00ed ho donutilo zpomalit a z\u00e1rove\u0148 mu otev\u0159elo prostor pro n\u011bco, co dlouho odkl\u00e1dal. Soci\u00e1ln\u00ed s\u00edt\u011b mu p\u0159inesly spolupr\u00e1ce, ale z\u00e1rove\u0148 mu uk\u00e1zaly hodnotu autenticity a skute\u010dn\u00e9 komunity.<\/p>\n\n\n\n<p class=\"wp-block-paragraph\">A jeho hlavn\u00ed rada je vlastn\u011b jednoduch\u00e1:<\/p>\n\n\n\n<blockquote class=\"blockquote\" class=\"wp-block-quote is-layout-flow wp-block-quote-is-layout-flow\">\n<p class=\"wp-block-paragraph\">Za\u010dni. A d\u011blej to proto, \u017ee t\u011b to bav\u00ed. Proto\u017ee dokud neza\u010dne\u0161, nikdy nezjist\u00ed\u0161, kam t\u011b tvoje cesta m\u016f\u017ee zav\u00e9st.<\/p>\n<\/blockquote>\n\n\n\n<figure class=\"wp-block-embed is-type-video is-provider-youtube wp-block-embed-youtube wp-embed-aspect-16-9 wp-has-aspect-ratio\"><div class=\"wp-block-embed__wrapper\">\n<iframe loading=\"lazy\" title=\"Jan Mejdr: Jak sportovec buduje osobn\u00ed brand | SHARK ZONE\" width=\"640\" height=\"360\" src=\"https:\/\/www.youtube.com\/embed\/6cboRSk8QDc?feature=oembed\" frameborder=\"0\" allow=\"accelerometer; autoplay; clipboard-write; encrypted-media; gyroscope; picture-in-picture; web-share\" referrerpolicy=\"strict-origin-when-cross-origin\" allowfullscreen><\/iframe>\n<\/div><\/figure>\n\n\n\n<p class=\"wp-block-paragraph\"><\/p>\n\n\n\n<p class=\"wp-block-paragraph\"><strong>Poslechn\u011bte si cel\u00fd d\u00edl <a href=\"https:\/\/www.youtube.com\/watch?v=6cboRSk8QDc&amp;list=PLLi7-0ks4zEQ\">SHARK ZONE<\/a> s Honzou Mejdrem<\/strong> a zjist\u011bte, co v\u0161echno se m\u016f\u017ee st\u00e1t, kdy\u017e \u010dlov\u011bk nez\u016fstane st\u00e1t na m\u00edst\u011b ani ve chv\u00edli, kdy se jeho p\u016fvodn\u00ed pl\u00e1n ne\u010dekan\u011b zm\u011bn\u00ed.<\/p>\n\n\n\n<p class=\"wp-block-paragraph\"><strong>Sledujte <a href=\"https:\/\/www.youtube.com\/watch?v=6cboRSk8QDc&amp;list=PLLi7-0ks4zEQ\">SHARK ZONE<\/a>, a\u0165 v\u00e1m neuniknou dal\u0161\u00ed rozhovory s influencery a tv\u016frci, kte\u0159\u00ed maj\u00ed co \u0159\u00edct.<\/strong><\/p>\n\n\n\n<p class=\"wp-block-paragraph\"><\/p>\n","protected":false},"excerpt":{"rendered":"<p>Profesion\u00e1ln\u00ed fotbalista, youtuber, tv\u016frce a \u010dlov\u011bk, kter\u00fd si odm\u00edt\u00e1 nechat diktovat, co m\u00e1 d\u011blat pro algoritmus. Jan Mejdr v podcastu SHARK ZONE otev\u0159en\u011b mluvil o sv\u00e9 cest\u011b od gamingu k profesion\u00e1ln\u00edmu fotbalu, o zran\u011bn\u00ed, hejtech, osobn\u00ed zna\u010dce i o tom, pro\u010d pro n\u011bj maj\u00ed v\u011bt\u0161\u00ed hodnotu des\u00edtky skute\u010dn\u00fdch fanou\u0161k\u016f ne\u017e statis\u00edce anonymn\u00edch zhl\u00e9dnut\u00ed. Kdy\u017e se [&hellip;]<\/p>\n","protected":false},"author":19,"featured_media":3909,"comment_status":"open","ping_status":"open","sticky":false,"template":"","format":"standard","meta":{"footnotes":""},"categories":[],"tags":[],"class_list":["post-3903","post","type-post","status-publish","format-standard","has-post-thumbnail","hentry"],"_links":{"self":[{"href":"https:\/\/www.socialsharks.cz\/blog\/wp-json\/wp\/v2\/posts\/3903","targetHints":{"allow":["GET"]}}],"collection":[{"href":"https:\/\/www.socialsharks.cz\/blog\/wp-json\/wp\/v2\/posts"}],"about":[{"href":"https:\/\/www.socialsharks.cz\/blog\/wp-json\/wp\/v2\/types\/post"}],"author":[{"embeddable":true,"href":"https:\/\/www.socialsharks.cz\/blog\/wp-json\/wp\/v2\/users\/19"}],"replies":[{"embeddable":true,"href":"https:\/\/www.socialsharks.cz\/blog\/wp-json\/wp\/v2\/comments?post=3903"}],"version-history":[{"count":2,"href":"https:\/\/www.socialsharks.cz\/blog\/wp-json\/wp\/v2\/posts\/3903\/revisions"}],"predecessor-version":[{"id":3911,"href":"https:\/\/www.socialsharks.cz\/blog\/wp-json\/wp\/v2\/posts\/3903\/revisions\/3911"}],"wp:featuredmedia":[{"embeddable":true,"href":"https:\/\/www.socialsharks.cz\/blog\/wp-json\/wp\/v2\/media\/3909"}],"wp:attachment":[{"href":"https:\/\/www.socialsharks.cz\/blog\/wp-json\/wp\/v2\/media?parent=3903"}],"wp:term":[{"taxonomy":"category","embeddable":true,"href":"https:\/\/www.socialsharks.cz\/blog\/wp-json\/wp\/v2\/categories?post=3903"},{"taxonomy":"post_tag","embeddable":true,"href":"https:\/\/www.socialsharks.cz\/blog\/wp-json\/wp\/v2\/tags?post=3903"}],"curies":[{"name":"wp","href":"https:\/\/api.w.org\/{rel}","templated":true}]}}